{"id":309,"date":"2023-12-31T21:19:24","date_gmt":"2023-12-31T21:19:24","guid":{"rendered":"https:\/\/tomaszfriedrich.pl\/?p=309"},"modified":"2023-12-31T21:19:24","modified_gmt":"2023-12-31T21:19:24","slug":"to-moje-plany-na-2025-2024-juz-zajety-wspanialego-roku-2024-wszystkim-dziekuje-za-ten-rok","status":"publish","type":"post","link":"https:\/\/tomaszfriedrich.pl\/?p=309","title":{"rendered":"To moje plany na 2025. 2024 ju\u017c zaj\u0119ty. Wspania\u0142ego roku 2024 wszystkim. Dzi\u0119kuj\u0119 za ten rok."},"content":{"rendered":"\n<figure class=\"wp-block-image size-full\"><img loading=\"lazy\" decoding=\"async\" width=\"940\" height=\"788\" src=\"https:\/\/tomaszfriedrich.pl\/wp-content\/uploads\/2023\/12\/W-zamku-Kafki.jpg\" alt=\"\" class=\"wp-image-310\" srcset=\"https:\/\/tomaszfriedrich.pl\/wp-content\/uploads\/2023\/12\/W-zamku-Kafki.jpg 940w, https:\/\/tomaszfriedrich.pl\/wp-content\/uploads\/2023\/12\/W-zamku-Kafki-300x251.jpg 300w, https:\/\/tomaszfriedrich.pl\/wp-content\/uploads\/2023\/12\/W-zamku-Kafki-768x644.jpg 768w\" sizes=\"auto, (max-width: 940px) 100vw, 940px\" \/><\/figure>\n","protected":false},"excerpt":{"rendered":"","protected":false},"author":1,"featured_media":0,"comment_status":"open","ping_status":"open","sticky":false,"template":"","format":"standard","meta":{"footnotes":""},"categories":[1],"tags":[],"class_list":["post-309","post","type-post","status-publish","format-standard","hentry","category-posty"],"_links":{"self":[{"href":"https:\/\/tomaszfriedrich.pl\/index.php?rest_route=\/wp\/v2\/posts\/309","targetHints":{"allow":["GET"]}}],"collection":[{"href":"https:\/\/tomaszfriedrich.pl\/index.php?rest_route=\/wp\/v2\/posts"}],"about":[{"href":"https:\/\/tomaszfriedrich.pl\/index.php?rest_route=\/wp\/v2\/types\/post"}],"author":[{"embeddable":true,"href":"https:\/\/tomaszfriedrich.pl\/index.php?rest_route=\/wp\/v2\/users\/1"}],"replies":[{"embeddable":true,"href":"https:\/\/tomaszfriedrich.pl\/index.php?rest_route=%2Fwp%2Fv2%2Fcomments&post=309"}],"version-history":[{"count":1,"href":"https:\/\/tomaszfriedrich.pl\/index.php?rest_route=\/wp\/v2\/posts\/309\/revisions"}],"predecessor-version":[{"id":311,"href":"https:\/\/tomaszfriedrich.pl\/index.php?rest_route=\/wp\/v2\/posts\/309\/revisions\/311"}],"wp:attachment":[{"href":"https:\/\/tomaszfriedrich.pl\/index.php?rest_route=%2Fwp%2Fv2%2Fmedia&parent=309"}],"wp:term":[{"taxonomy":"category","embeddable":true,"href":"https:\/\/tomaszfriedrich.pl\/index.php?rest_route=%2Fwp%2Fv2%2Fcategories&post=309"},{"taxonomy":"post_tag","embeddable":true,"href":"https:\/\/tomaszfriedrich.pl\/index.php?rest_route=%2Fwp%2Fv2%2Ftags&post=309"}],"curies":[{"name":"wp","href":"https:\/\/api.w.org\/{rel}","templated":true}]}}