{"id":301,"date":"2023-12-07T18:15:41","date_gmt":"2023-12-07T18:15:41","guid":{"rendered":"https:\/\/tomaszfriedrich.pl\/?p=301"},"modified":"2023-12-07T18:15:41","modified_gmt":"2023-12-07T18:15:41","slug":"konkurs-empik-go-story-przypomnienie","status":"publish","type":"post","link":"https:\/\/tomaszfriedrich.pl\/?p=301","title":{"rendered":"KONKURS EMPIK GO STORY  &#8211; PRZYPOMNIENIE"},"content":{"rendered":"\n<figure class=\"wp-block-image size-large\"><img loading=\"lazy\" decoding=\"async\" width=\"1024\" height=\"1024\" src=\"https:\/\/tomaszfriedrich.pl\/wp-content\/uploads\/2023\/12\/empik_go_short_story_sm_przypomnienie_1200x1200-1024x1024.jpg\" alt=\"\" class=\"wp-image-302\" srcset=\"https:\/\/tomaszfriedrich.pl\/wp-content\/uploads\/2023\/12\/empik_go_short_story_sm_przypomnienie_1200x1200-1024x1024.jpg 1024w, https:\/\/tomaszfriedrich.pl\/wp-content\/uploads\/2023\/12\/empik_go_short_story_sm_przypomnienie_1200x1200-300x300.jpg 300w, https:\/\/tomaszfriedrich.pl\/wp-content\/uploads\/2023\/12\/empik_go_short_story_sm_przypomnienie_1200x1200-150x150.jpg 150w, https:\/\/tomaszfriedrich.pl\/wp-content\/uploads\/2023\/12\/empik_go_short_story_sm_przypomnienie_1200x1200-768x768.jpg 768w, https:\/\/tomaszfriedrich.pl\/wp-content\/uploads\/2023\/12\/empik_go_short_story_sm_przypomnienie_1200x1200.jpg 1200w\" sizes=\"auto, (max-width: 1024px) 100vw, 1024px\" \/><\/figure>\n\n\n\n<p>Zosta\u0142o ma\u0142o czasu do ko\u0144ca wi\u0119c od\u015bwie\u017cam. Powodzenia.<\/p>\n\n\n\n<p>\u201eMam wielk\u0105 przyjemno\u015b\u0107 zaprosi\u0107 wszystkich do wzi\u0119cia udzia\u0142u w konkursie, organizowanym przez @EMPIKGO, na tekst scenariusza serialu audio.<br>Zwyci\u0119stwo w drugiej edycji tego konkursu scenariuszem \u201ePiek\u0142o wci\u0105\u017c p\u0142onie\u201d, a potem jego przes\u0142uchanie w formie gotowego serialu audio, w kt\u00f3rym wspaniali aktorzy o\u017cywili moj\u0105 opowie\u015b\u0107 o pu\u0142kowniku Konstantym Bara\u0144skim, da\u0142o mi niesamowit\u0105 motywacj\u0119 do dalszego pisania.<br>Teraz nadszed\u0142 czas na wasze historie i waszych bohater\u00f3w.<br>Przy okazji przypad\u0142 mi zaszczyt znalezienia si\u0119 jako juror tego konkursu, w znakomitym towarzystwie Pani Marii Tengowskiej,<br>Pana Szczepana Twardocha, Pana Macieja Makselona oraz Pana \u0141ukasza Muszy\u0144skiego.<br>Ju\u017c teraz nie mog\u0119 doczeka\u0107 si\u0119 na wasze teksty. Dajcie z siebie wszystko.<br>Zegar tyka\ud83d\ude0a Termin nadsy\u0142ania prac mija 31.12.2023<br>Wszystkie, potrzebne do wzi\u0119cia udzia\u0142u w konkursie informacje, znajdziecie na stronie: www.empik.com\/story\u201d<\/p>\n","protected":false},"excerpt":{"rendered":"<p>Zosta\u0142o ma\u0142o czasu do ko\u0144ca wi\u0119c od\u015bwie\u017cam. Powodzenia. \u201eMam wielk\u0105 przyjemno\u015b\u0107 zaprosi\u0107 wszystkich do wzi\u0119cia udzia\u0142u w konkursie, organizowanym przez @EMPIKGO, na tekst scenariusza serialu audio.Zwyci\u0119stwo w drugiej edycji tego konkursu scenariuszem \u201ePiek\u0142o wci\u0105\u017c p\u0142onie\u201d, a potem jego przes\u0142uchanie w formie gotowego serialu audio, w kt\u00f3rym wspaniali aktorzy o\u017cywili moj\u0105 opowie\u015b\u0107 o pu\u0142kowniku Konstantym Bara\u0144skim, da\u0142o mi niesamowit\u0105 motywacj\u0119 do [&hellip;]<\/p>\n","protected":false},"author":1,"featured_media":0,"comment_status":"open","ping_status":"open","sticky":false,"template":"","format":"standard","meta":{"footnotes":""},"categories":[1],"tags":[],"class_list":["post-301","post","type-post","status-publish","format-standard","hentry","category-posty"],"_links":{"self":[{"href":"https:\/\/tomaszfriedrich.pl\/index.php?rest_route=\/wp\/v2\/posts\/301","targetHints":{"allow":["GET"]}}],"collection":[{"href":"https:\/\/tomaszfriedrich.pl\/index.php?rest_route=\/wp\/v2\/posts"}],"about":[{"href":"https:\/\/tomaszfriedrich.pl\/index.php?rest_route=\/wp\/v2\/types\/post"}],"author":[{"embeddable":true,"href":"https:\/\/tomaszfriedrich.pl\/index.php?rest_route=\/wp\/v2\/users\/1"}],"replies":[{"embeddable":true,"href":"https:\/\/tomaszfriedrich.pl\/index.php?rest_route=%2Fwp%2Fv2%2Fcomments&post=301"}],"version-history":[{"count":1,"href":"https:\/\/tomaszfriedrich.pl\/index.php?rest_route=\/wp\/v2\/posts\/301\/revisions"}],"predecessor-version":[{"id":303,"href":"https:\/\/tomaszfriedrich.pl\/index.php?rest_route=\/wp\/v2\/posts\/301\/revisions\/303"}],"wp:attachment":[{"href":"https:\/\/tomaszfriedrich.pl\/index.php?rest_route=%2Fwp%2Fv2%2Fmedia&parent=301"}],"wp:term":[{"taxonomy":"category","embeddable":true,"href":"https:\/\/tomaszfriedrich.pl\/index.php?rest_route=%2Fwp%2Fv2%2Fcategories&post=301"},{"taxonomy":"post_tag","embeddable":true,"href":"https:\/\/tomaszfriedrich.pl\/index.php?rest_route=%2Fwp%2Fv2%2Ftags&post=301"}],"curies":[{"name":"wp","href":"https:\/\/api.w.org\/{rel}","templated":true}]}}