{"id":218,"date":"2023-09-29T04:30:15","date_gmt":"2023-09-29T04:30:15","guid":{"rendered":"https:\/\/tomaszfriedrich.pl\/?p=218"},"modified":"2023-09-29T04:30:15","modified_gmt":"2023-09-29T04:30:15","slug":"uwaga-nadchodzi-kolejna-edycja-konkursu-empik-go-story","status":"publish","type":"post","link":"https:\/\/tomaszfriedrich.pl\/?p=218","title":{"rendered":"Uwaga: Nadchodzi kolejna edycja konkursu Empik Go Story"},"content":{"rendered":"\n<p>\u201eMam wielk\u0105 przyjemno\u015b\u0107 zaprosi\u0107 wszystkich do wzi\u0119cia udzia\u0142u w konkursie, organizowanym przez @EMPIKGO, na tekst scenariusza serialu audio.<\/p>\n\n\n\n<figure class=\"wp-block-image size-large\"><img loading=\"lazy\" decoding=\"async\" width=\"1024\" height=\"1024\" src=\"https:\/\/tomaszfriedrich.pl\/wp-content\/uploads\/2023\/09\/empik_go_story_cytat_1200x1200_friedrich_k1-1024x1024.png\" alt=\"\" class=\"wp-image-219\" srcset=\"https:\/\/tomaszfriedrich.pl\/wp-content\/uploads\/2023\/09\/empik_go_story_cytat_1200x1200_friedrich_k1-1024x1024.png 1024w, https:\/\/tomaszfriedrich.pl\/wp-content\/uploads\/2023\/09\/empik_go_story_cytat_1200x1200_friedrich_k1-300x300.png 300w, https:\/\/tomaszfriedrich.pl\/wp-content\/uploads\/2023\/09\/empik_go_story_cytat_1200x1200_friedrich_k1-150x150.png 150w, https:\/\/tomaszfriedrich.pl\/wp-content\/uploads\/2023\/09\/empik_go_story_cytat_1200x1200_friedrich_k1-768x768.png 768w, https:\/\/tomaszfriedrich.pl\/wp-content\/uploads\/2023\/09\/empik_go_story_cytat_1200x1200_friedrich_k1-1100x1100.png 1100w, https:\/\/tomaszfriedrich.pl\/wp-content\/uploads\/2023\/09\/empik_go_story_cytat_1200x1200_friedrich_k1-70x70.png 70w, https:\/\/tomaszfriedrich.pl\/wp-content\/uploads\/2023\/09\/empik_go_story_cytat_1200x1200_friedrich_k1.png 1200w\" sizes=\"auto, (max-width: 1024px) 100vw, 1024px\" \/><\/figure>\n\n\n\n<p>Zwyci\u0119stwo w drugiej edycji tego konkursu scenariuszem \u201ePiek\u0142o wci\u0105\u017c p\u0142onie\u201d, a potem jego przes\u0142uchanie w formie gotowego serialu audio, w kt\u00f3rym wspaniali aktorzy o\u017cywili moj\u0105 opowie\u015b\u0107 o pu\u0142kowniku Konstantym Bara\u0144skim, da\u0142o mi niesamowit\u0105 motywacj\u0119 do dalszego pisania.&nbsp;<\/p>\n\n\n\n<p>Teraz nadszed\u0142 czas na wasze historie i waszych bohater\u00f3w.<\/p>\n\n\n\n<p>Przy okazji przypad\u0142 mi zaszczyt znalezienia si\u0119 jako juror tego konkursu, w znakomitym towarzystwie Pani Marii Tengowskiej, Pana Szczepana Twardocha, Pana Macieja Makselona oraz Pana \u0141ukasza Muszy\u0144skiego.<\/p>\n\n\n\n<p>Ju\u017c teraz nie mog\u0119 doczeka\u0107 si\u0119 na wasze teksty.&nbsp; Dajcie z siebie wszystko. &nbsp;<\/p>\n\n\n\n<p>Zegar tyka\ud83d\ude0a&nbsp; Termin nadsy\u0142ania prac mija 31.12.2023<\/p>\n\n\n\n<p>Wszystkie, potrzebne do wzi\u0119cia udzia\u0142u w konkursie informacje, znajdziecie na stronie: <a href=\"https:\/\/emea01.safelinks.protection.outlook.com\/?url=http%3A%2F%2Fwww.empik.com%2Fstory&amp;data=05%7C01%7C%7C90be33c76b424a226f8208dbbf3eef7c%7C84df9e7fe9f640afb435aaaaaaaaaaaa%7C1%7C0%7C638314049269602963%7CUnknown%7CTWFpbGZsb3d8eyJWIjoiMC4wLjAwMDAiLCJQIjoiV2luMzIiLCJBTiI6Ik1haWwiLCJXVCI6Mn0%3D%7C3000%7C%7C%7C&amp;sdata=TpFD76%2FNClXqY5RL0wrUIhkWjXXtujQgWeXKIghtjdI%3D&amp;reserved=0\">www.empik.com\/story<\/a>\u201d<\/p>\n","protected":false},"excerpt":{"rendered":"<p>\u201eMam wielk\u0105 przyjemno\u015b\u0107 zaprosi\u0107 wszystkich do wzi\u0119cia udzia\u0142u w konkursie, organizowanym przez @EMPIKGO, na tekst scenariusza serialu audio. Zwyci\u0119stwo w drugiej edycji tego konkursu scenariuszem \u201ePiek\u0142o wci\u0105\u017c p\u0142onie\u201d, a potem jego przes\u0142uchanie w formie gotowego serialu audio, w kt\u00f3rym wspaniali aktorzy o\u017cywili moj\u0105 opowie\u015b\u0107 o pu\u0142kowniku Konstantym Bara\u0144skim, da\u0142o mi niesamowit\u0105 motywacj\u0119 do dalszego pisania.&nbsp; Teraz nadszed\u0142 czas na wasze [&hellip;]<\/p>\n","protected":false},"author":1,"featured_media":0,"comment_status":"open","ping_status":"open","sticky":false,"template":"","format":"standard","meta":{"footnotes":""},"categories":[1],"tags":[],"class_list":["post-218","post","type-post","status-publish","format-standard","hentry","category-posty"],"_links":{"self":[{"href":"https:\/\/tomaszfriedrich.pl\/index.php?rest_route=\/wp\/v2\/posts\/218","targetHints":{"allow":["GET"]}}],"collection":[{"href":"https:\/\/tomaszfriedrich.pl\/index.php?rest_route=\/wp\/v2\/posts"}],"about":[{"href":"https:\/\/tomaszfriedrich.pl\/index.php?rest_route=\/wp\/v2\/types\/post"}],"author":[{"embeddable":true,"href":"https:\/\/tomaszfriedrich.pl\/index.php?rest_route=\/wp\/v2\/users\/1"}],"replies":[{"embeddable":true,"href":"https:\/\/tomaszfriedrich.pl\/index.php?rest_route=%2Fwp%2Fv2%2Fcomments&post=218"}],"version-history":[{"count":1,"href":"https:\/\/tomaszfriedrich.pl\/index.php?rest_route=\/wp\/v2\/posts\/218\/revisions"}],"predecessor-version":[{"id":220,"href":"https:\/\/tomaszfriedrich.pl\/index.php?rest_route=\/wp\/v2\/posts\/218\/revisions\/220"}],"wp:attachment":[{"href":"https:\/\/tomaszfriedrich.pl\/index.php?rest_route=%2Fwp%2Fv2%2Fmedia&parent=218"}],"wp:term":[{"taxonomy":"category","embeddable":true,"href":"https:\/\/tomaszfriedrich.pl\/index.php?rest_route=%2Fwp%2Fv2%2Fcategories&post=218"},{"taxonomy":"post_tag","embeddable":true,"href":"https:\/\/tomaszfriedrich.pl\/index.php?rest_route=%2Fwp%2Fv2%2Ftags&post=218"}],"curies":[{"name":"wp","href":"https:\/\/api.w.org\/{rel}","templated":true}]}}