{"id":1,"date":"2023-07-25T07:08:33","date_gmt":"2023-07-25T07:08:33","guid":{"rendered":"http:\/\/tomaszfriedrich.pl\/?p=1"},"modified":"2023-07-27T18:55:32","modified_gmt":"2023-07-27T18:55:32","slug":"hello-world","status":"publish","type":"post","link":"https:\/\/tomaszfriedrich.pl\/?p=1","title":{"rendered":"Piek\u0142o wci\u0105\u017c P\u0142onie"},"content":{"rendered":"\n<p><\/p>\n\n\n\n<p>Audioserial Empik Go &#8211; link<\/p>\n\n\n\n<p><a href=\"https:\/\/www.empik.com\/1-pieklo-wciaz-plonie-serial-oryginalny-tomasz-friedrich,p1377826233,ebooki-i-mp3-p\">https:\/\/www.empik.com\/1-pieklo-wciaz-plonie-serial-oryginalny-tomasz-friedrich,p1377826233,ebooki-i-mp3-p<\/a><\/p>\n\n\n\n<figure class=\"wp-block-image size-large is-resized\"><img loading=\"lazy\" decoding=\"async\" src=\"https:\/\/tomaszfriedrich.pl\/wp-content\/uploads\/2023\/07\/lufa-z-efektem-1024x681.jpg\" alt=\"\" class=\"wp-image-41\" width=\"922\" height=\"613\" srcset=\"https:\/\/tomaszfriedrich.pl\/wp-content\/uploads\/2023\/07\/lufa-z-efektem-1024x681.jpg 1024w, https:\/\/tomaszfriedrich.pl\/wp-content\/uploads\/2023\/07\/lufa-z-efektem-300x199.jpg 300w, https:\/\/tomaszfriedrich.pl\/wp-content\/uploads\/2023\/07\/lufa-z-efektem-768x511.jpg 768w, https:\/\/tomaszfriedrich.pl\/wp-content\/uploads\/2023\/07\/lufa-z-efektem-1536x1021.jpg 1536w, https:\/\/tomaszfriedrich.pl\/wp-content\/uploads\/2023\/07\/lufa-z-efektem-2048x1362.jpg 2048w, https:\/\/tomaszfriedrich.pl\/wp-content\/uploads\/2023\/07\/lufa-z-efektem-1100x731.jpg 1100w\" sizes=\"auto, (max-width: 922px) 100vw, 922px\" \/><\/figure>\n\n\n\n<p><\/p>\n\n\n\n<p><\/p>\n\n\n\n<p><strong>Ju\u017c niebawem wa\u017cna informacja zwi\u0105zana z PIEK\u0141O WCI\u0104\u017b P\u0141ONIE<\/strong><\/p>\n\n\n\n<p><strong>Stay tuned:) chocia\u017c ja wol\u0119 &#8220;zosta\u0144cie ze mn\u0105&#8221;<\/strong><\/p>\n\n\n\n<figure class=\"wp-block-image size-full\"><img loading=\"lazy\" decoding=\"async\" width=\"486\" height=\"562\" src=\"https:\/\/tomaszfriedrich.pl\/wp-content\/uploads\/2023\/07\/foto-bio-wieksze.jpg\" alt=\"\" class=\"wp-image-183\" srcset=\"https:\/\/tomaszfriedrich.pl\/wp-content\/uploads\/2023\/07\/foto-bio-wieksze.jpg 486w, https:\/\/tomaszfriedrich.pl\/wp-content\/uploads\/2023\/07\/foto-bio-wieksze-259x300.jpg 259w\" sizes=\"auto, (max-width: 486px) 100vw, 486px\" \/><\/figure>\n","protected":false},"excerpt":{"rendered":"<p>Audioserial Empik Go &#8211; link https:\/\/www.empik.com\/1-pieklo-wciaz-plonie-serial-oryginalny-tomasz-friedrich,p1377826233,ebooki-i-mp3-p Ju\u017c niebawem wa\u017cna informacja zwi\u0105zana z PIEK\u0141O WCI\u0104\u017b P\u0141ONIE Stay tuned:) chocia\u017c ja wol\u0119 &#8220;zosta\u0144cie ze mn\u0105&#8221;<\/p>\n","protected":false},"author":1,"featured_media":0,"comment_status":"open","ping_status":"open","sticky":false,"template":"","format":"standard","meta":{"footnotes":""},"categories":[1],"tags":[],"class_list":["post-1","post","type-post","status-publish","format-standard","hentry","category-posty"],"_links":{"self":[{"href":"https:\/\/tomaszfriedrich.pl\/index.php?rest_route=\/wp\/v2\/posts\/1","targetHints":{"allow":["GET"]}}],"collection":[{"href":"https:\/\/tomaszfriedrich.pl\/index.php?rest_route=\/wp\/v2\/posts"}],"about":[{"href":"https:\/\/tomaszfriedrich.pl\/index.php?rest_route=\/wp\/v2\/types\/post"}],"author":[{"embeddable":true,"href":"https:\/\/tomaszfriedrich.pl\/index.php?rest_route=\/wp\/v2\/users\/1"}],"replies":[{"embeddable":true,"href":"https:\/\/tomaszfriedrich.pl\/index.php?rest_route=%2Fwp%2Fv2%2Fcomments&post=1"}],"version-history":[{"count":7,"href":"https:\/\/tomaszfriedrich.pl\/index.php?rest_route=\/wp\/v2\/posts\/1\/revisions"}],"predecessor-version":[{"id":200,"href":"https:\/\/tomaszfriedrich.pl\/index.php?rest_route=\/wp\/v2\/posts\/1\/revisions\/200"}],"wp:attachment":[{"href":"https:\/\/tomaszfriedrich.pl\/index.php?rest_route=%2Fwp%2Fv2%2Fmedia&parent=1"}],"wp:term":[{"taxonomy":"category","embeddable":true,"href":"https:\/\/tomaszfriedrich.pl\/index.php?rest_route=%2Fwp%2Fv2%2Fcategories&post=1"},{"taxonomy":"post_tag","embeddable":true,"href":"https:\/\/tomaszfriedrich.pl\/index.php?rest_route=%2Fwp%2Fv2%2Ftags&post=1"}],"curies":[{"name":"wp","href":"https:\/\/api.w.org\/{rel}","templated":true}]}}